{"id":20271,"date":"2023-11-29T14:17:18","date_gmt":"2023-11-29T13:17:18","guid":{"rendered":"https:\/\/www.saertex.com\/?p=20271"},"modified":"2025-11-26T15:31:40","modified_gmt":"2025-11-26T14:31:40","slug":"saertex-renforce-ses-partenariats-lors-du-haendler-meeting-2023","status":"publish","type":"post","link":"https:\/\/www.saertex.com\/fr\/press-release\/saertex-staerkt-partnerschaften-beim-haendler-meeting-2023\/","title":{"rendered":"SAERTEX renforce ses partenariats lors de la r\u00e9union des distributeurs 2023"},"content":{"rendered":"<p>Saerbeck, 29.11.2023 - Pr\u00e8s de 50 distributeurs de toute l'Europe se sont r\u00e9unis la semaine derni\u00e8re au si\u00e8ge social de SAERTEX \u00e0 Saerbeck. Des collaborateurs des sites internationaux de SAERTEX avaient \u00e9galement fait le d\u00e9placement pour \u00e9changer avec les distributeurs sur les nouvelles strat\u00e9gies de vente et les derniers d\u00e9veloppements dans le domaine des grilles multiaxiales.<\/p>\n<p>L'ordre du jour de ces deux journ\u00e9es \u00e9tait extr\u00eamement vari\u00e9. Les participants ont eu un aper\u00e7u exclusif des processus de production de SAERTEX, ce qui leur a permis de mieux comprendre la qualit\u00e9 et l'efficacit\u00e9 de la fabrication de nappes multiaxiales en fibres de verre et de carbone. Des discussions directes avec les experts pr\u00e9sents sur place ont permis des \u00e9changes approfondis, au cours desquels les connaissances sur les technologies de fabrication innovantes ont \u00e9t\u00e9 approfondies.<\/p>\n<p>Le contenu \u00e9tait ax\u00e9 sur le d\u00e9veloppement commun d'une vision \u00e0 long terme pour ce canal de distribution. Des discussions intensives ont permis de discuter des objectifs, de mettre en \u00e9vidence leur importance et d'\u00e9laborer des strat\u00e9gies de mise en \u0153uvre communes. Celles-ci constituent la base de l'orientation future de l'entreprise et promettent des d\u00e9veloppements novateurs. \"Nous voulons continuer \u00e0 d\u00e9velopper les partenariats avec nos distributeurs et doubler notre chiffre d'affaires par le biais de ce canal de distribution au cours des trois prochaines ann\u00e9es\", d\u00e9clare Santiago Perez-Castillo, directeur des ventes pour l'Europe et l'Afrique du Nord dans le secteur industriel.<\/p>\n<p>Les ateliers pratiques ont constitu\u00e9 un autre point fort de la r\u00e9union. Les participants ont eu l'occasion de d\u00e9couvrir les nouvelles textures de carbone \"Magic Flow\" et \"Steady Plus\" pour les composants en fibres composites particuli\u00e8rement \u00e9pais et le nouveau <span class=\"productname_firstx\">SAER<\/span><span class=\"productname_second\">fixe<\/span> pour les tissus auto-adh\u00e9sifs. En laboratoire, les participants ont pu r\u00e9aliser de mani\u00e8re autonome des processus tels que l'infusion sous vide et la stratification. L'\u00e9tude des mat\u00e9riaux composites les plus divers a permis de se faire une id\u00e9e approfondie du monde complexe des technologies de fabrication.<\/p>\n<p>L'un des th\u00e8mes centraux de la r\u00e9union \u00e9tait l'accent mis sur la responsabilit\u00e9 commune en mati\u00e8re de durabilit\u00e9 et de sensibilisation \u00e0 l'environnement. SAERTEX attache une grande importance au d\u00e9veloppement et \u00e0 la mise en \u0153uvre de solutions durables qui minimisent l'impact environnemental et maximisent l'efficacit\u00e9 des ressources. C'est pourquoi la pr\u00e9sentation aux distributeurs europ\u00e9ens des nouvelles toiles bio-bas\u00e9es en fibres de lin et de leurs applications dans la construction navale a \u00e9t\u00e9 un v\u00e9ritable moment fort.<\/p>\n<p>Ces journ\u00e9es intenses ont \u00e9t\u00e9 compl\u00e9t\u00e9es par une soir\u00e9e \u00e0 la Hafenk\u00e4serei de M\u00fcnster. Cette occasion de r\u00e9seautage a permis aux participants d'approfondir les connaissances et les contacts qui s'\u00e9taient cr\u00e9\u00e9s. L'atmosph\u00e8re de la soir\u00e9e a contribu\u00e9 \u00e0 renforcer les liens non seulement professionnels, mais aussi personnels.<\/p>\n<p>\"La r\u00e9union des distributeurs a \u00e9t\u00e9 l'occasion id\u00e9ale d'approfondir nos partenariats et de travailler ensemble pour faire avancer le secteur des composites. Les ateliers vari\u00e9s ont permis \u00e0 nos distributeurs de mieux comprendre non seulement les produits, mais aussi la vision de SAERTEX\", d\u00e9clare Daniel Stumpp, directeur du marketing mondial chez SAERTEX.<\/p>","protected":false},"excerpt":{"rendered":"<p>Distributoren aus ganz Europa treffen sich zum Austausch \u00fcber Innovationen und Strategien \u2013 Saerbeck, 29.11.2023 \u2013 Nahezu 50 H\u00e4ndler aus ganz Europa versammelten sich vergangene Woche am Hauptsitz von SAERTEX in Saerbeck. Ebenso waren Mitarbeiter von den internationalen SAERTEX-Standorten angereist, um sich gemeinsam mit den Distributoren \u00fcber neue Vertriebsstrategien und die neuesten Entwicklungen im Bereich der multiaxialen Gelege auszutauschen. Die Agenda der beiden Tage war \u00e4u\u00dferst vielf\u00e4ltig. Die Teilnehmer erhielten einen exklusiven Einblick in die Produktionsprozesse von SAERTEX, wodurch sie ein tieferes Verst\u00e4ndnis f\u00fcr die Qualit\u00e4t und Effizienz der Herstellung von multiaxialen Gelegen aus Glas- und Carbonfasern gewinnen konnten. Direkte Gespr\u00e4che mit den vor Ort anwesenden Experten erm\u00f6glichten einen intensiven Austausch, bei dem Kenntnisse \u00fcber innovative Fertigungstechnologien vertieft wurden. Der inhaltliche Fokus lag darauf, gemeinsam eine langfristige Vision f\u00fcr diesen Vertriebskanal zu entwickeln. In intensiven Diskussionen wurden Ziele er\u00f6rtert, ihre Bedeutung herausgearbeitet und gemeinsame Umsetzungsstrategien erarbeitet. Diese bilden die Grundlage f\u00fcr die k\u00fcnftige Ausrichtung des Unternehmens und versprechen wegweisende Entwicklungen. \u201eWir wollen die Partnerschaften mit unseren H\u00e4ndlern weiter ausbauen und unseren Umsatz \u00fcber diesen Vertriebskanal in den n\u00e4chsten drei Jahren verdoppeln\u201c, sagt Santiago Perez-Castillo, Vertriebsleiter Europa und Nordafrika im Bereich Industrie. Die praxisorientierten Workshops bildeten einen weiteren Schwerpunkt des Meetings. Hier hatten die Teilnehmer die Gelegenheit, die neuen Carbon Gelege \u201eMagic Flow\u201c und \u201eSteady Plus\u201c f\u00fcr besonders dicke Faserverbund-Bauteile und das neue SAERfix f\u00fcr selbsthaftende Gelege kennenzulernen. Im Labor konnten die Teilnehmer eigenst\u00e4ndig Prozesse wie die Layup- und Vakuuminfusion durchf\u00fchren. Die Untersuchung verschiedenster Composite Materialien erm\u00f6glichte dabei tiefgreifende Einblicke in die vielschichtige Welt der Fertigungstechnologien. Ein zentrales Thema des Meetings war die Betonung der gemeinsamen Verantwortung f\u00fcr Nachhaltigkeit und Umweltbewusstsein. SAERTEX legt gro\u00dfen Wert darauf, nachhaltige L\u00f6sungen zu entwickeln und umzusetzen, die die Umweltbelastung minimieren und die Ressourceneffizienz maximieren. Daher war es ein echtes Highlight den europ\u00e4ischen Distributoren die neuen bio-basierten Gelege aus Flachsfasern und deren Anwendungen im Bootsbau vorzustellen. Abgerundet wurden die intensiven Tage mit einer Abendveranstaltung in der Hafenk\u00e4serei in M\u00fcnster. Diese Networking-Gelegenheit erm\u00f6glichte es den Teilnehmern, die entstandenen Erkenntnisse und Kontakte weiter zu vertiefen. Die Atmosph\u00e4re des Abends trug dazu bei, dass nicht nur fachliche, sondern auch pers\u00f6nliche Verbindungen gest\u00e4rkt wurden. &#8222;Das Distributoren Meeting war eine ideale Gelegenheit, unsere Partnerschaften zu vertiefen und gemeinsam die Composite-Branche voranzutreiben. Die vielf\u00e4ltigen Workshops haben es unseren Vertriebspartnern erm\u00f6glicht, nicht nur die Produkte, sondern auch die Vision von SAERTEX besser zu verstehen&#8220;, sagt Daniel Stumpp, Leiter Globales Marketing bei SAERTEX.<\/p>","protected":false},"author":3,"featured_media":20273,"comment_status":"open","ping_status":"open","sticky":false,"template":"","format":"standard","meta":{"_acf_changed":false,"content-type":"","footnotes":""},"categories":[402],"tags":[],"competences":[],"brands":[],"class_list":["post-20271","post","type-post","status-publish","format-standard","has-post-thumbnail","hentry","category-press-release"],"acf":{"news_contact":"","news_video_youtube":"","project_subheadline":"Distributoren aus ganz Europa treffen sich zum Austausch \u00fcber Innovationen und Strategien","project_gallery":false,"project_gallery_height":450,"project_gallery_effect":"coverflow"},"_links":{"self":[{"href":"https:\/\/www.saertex.com\/fr\/wp-json\/wp\/v2\/posts\/20271","targetHints":{"allow":["GET"]}}],"collection":[{"href":"https:\/\/www.saertex.com\/fr\/wp-json\/wp\/v2\/posts"}],"about":[{"href":"https:\/\/www.saertex.com\/fr\/wp-json\/wp\/v2\/types\/post"}],"author":[{"embeddable":true,"href":"https:\/\/www.saertex.com\/fr\/wp-json\/wp\/v2\/users\/3"}],"replies":[{"embeddable":true,"href":"https:\/\/www.saertex.com\/fr\/wp-json\/wp\/v2\/comments?post=20271"}],"version-history":[{"count":0,"href":"https:\/\/www.saertex.com\/fr\/wp-json\/wp\/v2\/posts\/20271\/revisions"}],"wp:featuredmedia":[{"embeddable":true,"href":"https:\/\/www.saertex.com\/fr\/wp-json\/wp\/v2\/media\/20273"}],"wp:attachment":[{"href":"https:\/\/www.saertex.com\/fr\/wp-json\/wp\/v2\/media?parent=20271"}],"wp:term":[{"taxonomy":"category","embeddable":true,"href":"https:\/\/www.saertex.com\/fr\/wp-json\/wp\/v2\/categories?post=20271"},{"taxonomy":"post_tag","embeddable":true,"href":"https:\/\/www.saertex.com\/fr\/wp-json\/wp\/v2\/tags?post=20271"},{"taxonomy":"competences","embeddable":true,"href":"https:\/\/www.saertex.com\/fr\/wp-json\/wp\/v2\/competences?post=20271"},{"taxonomy":"brands","embeddable":true,"href":"https:\/\/www.saertex.com\/fr\/wp-json\/wp\/v2\/brands?post=20271"}],"curies":[{"name":"wp","href":"https:\/\/api.w.org\/{rel}","templated":true}]}}