{"id":18503,"date":"2023-04-18T15:11:30","date_gmt":"2023-04-18T13:11:30","guid":{"rendered":"https:\/\/www.saertex.com\/?p=18503"},"modified":"2025-08-05T16:39:50","modified_gmt":"2025-08-05T14:39:50","slug":"reduire-lempreinte-carbone-du-produit","status":"publish","type":"post","link":"https:\/\/www.saertex.com\/fr\/news\/produkt-carbon-footprint-reduzieren\/","title":{"rendered":"R\u00e9duire l'empreinte carbone des produits"},"content":{"rendered":"<p>Une id\u00e9e pour r\u00e9duire l'empreinte carbone des produits est de r\u00e9duire la sur-ing\u00e9nierie - en utilisant des fibres naturelles.<br \/>\nEn collaboration avec Terre de Lin, l'un des plus grands fournisseurs de lin au monde, nous avons d\u00e9velopp\u00e9 pour vous cette nouvelle s\u00e9rie de produits : les nouvelles textures de fibres de lin. Fabriqu\u00e9es par SAERTEX en France.<\/p>\n<p>En de nombreux endroits, les nouvelles toiles de lin ne remplaceront pas les mat\u00e9riaux de renforcement en fibre de verre. Mais ils permettent de r\u00e9duire l'empreinte carbone. Par exemple, pour les pi\u00e8ces int\u00e9rieures des bateaux, pour les skis ou les planches et pour les pi\u00e8ces composites dans le secteur des transports - pour lesquelles les propri\u00e9t\u00e9s m\u00e9caniques des fibres de lin sont suffisamment bonnes.<\/p>\n<p>Le groupe JEC a install\u00e9 son propre village de fibres naturelles dans le hall 5 du salon JEC WORLD 2023. Dans le hall 5, vous trouverez \u00e9galement le stand SAERTEX - juste \u00e0 l'entr\u00e9e - pour discuter de ce sujet avec nos experts pour votre prochain projet de composite.<\/p>","protected":false},"excerpt":{"rendered":"<p>Nachhaltigkeit durch Naturfasern: Die neuen Flachsfaser-Gelege von SAERTEX\u00ae \u2013 Eine Idee, um den CO2-Fu\u00dfabdruck von Produkten zu verringern, ist die Reduzierung von Over-Engineering &#8211; durch die Verwendung von Naturfaserstoffen. In Zusammenarbeit mit Terre de Lin, einem der weltweit gr\u00f6\u00dften Anbieter von Leinen, haben wir diese neue Produktserie f\u00fcr Sie entwickelt: die neuen Flachsfaser-Gelege. Hergestellt von SAERTEX in Frankreich. An vielen Stellen werden die neuen Flachs Gelege es nicht schaffen Glasfaser Verst\u00e4rkungsmaterialien abzul\u00f6sen. Aber sie sind eine M\u00f6glichkeit, den CO2-Fu\u00dfabdruck zu reduzieren. Zum Beispiel f\u00fcr Innenteile in Booten, f\u00fcr Ski oder Boards und f\u00fcr Verbundteile im Transportwesen &#8211; bei denen\u00a0die mechanischen Eigenschaften von Flachsfasern gut genug sind. Die JEC Group hat auf der JEC WORLD 2023 ein eigenes Naturfaserdorf in Halle 5 eingerichtet. In Halle 5 finden Sie auch den SAERTEX-Stand &#8211; direkt am Eingang &#8211; um dieses Thema f\u00fcr Ihr n\u00e4chstes Composite-Projekt mit unseren Experten zu diskutieren.<\/p>","protected":false},"author":15,"featured_media":18496,"comment_status":"open","ping_status":"open","sticky":false,"template":"","format":"standard","meta":{"_acf_changed":false,"content-type":"","footnotes":""},"categories":[401],"tags":[],"competences":[391],"brands":[],"class_list":["post-18503","post","type-post","status-publish","format-standard","has-post-thumbnail","hentry","category-news","competences-mobility-and-transport"],"acf":{"news_contact":"","news_video_youtube":"https:\/\/youtu.be\/Un4LF4-g8rE","project_subheadline":"Nachhaltigkeit durch Naturfasern: Die neuen Flachsfaser-Gelege von SAERTEX\u00ae","project_gallery":false,"project_gallery_height":450,"project_gallery_effect":"coverflow"},"_links":{"self":[{"href":"https:\/\/www.saertex.com\/fr\/wp-json\/wp\/v2\/posts\/18503","targetHints":{"allow":["GET"]}}],"collection":[{"href":"https:\/\/www.saertex.com\/fr\/wp-json\/wp\/v2\/posts"}],"about":[{"href":"https:\/\/www.saertex.com\/fr\/wp-json\/wp\/v2\/types\/post"}],"author":[{"embeddable":true,"href":"https:\/\/www.saertex.com\/fr\/wp-json\/wp\/v2\/users\/15"}],"replies":[{"embeddable":true,"href":"https:\/\/www.saertex.com\/fr\/wp-json\/wp\/v2\/comments?post=18503"}],"version-history":[{"count":0,"href":"https:\/\/www.saertex.com\/fr\/wp-json\/wp\/v2\/posts\/18503\/revisions"}],"wp:featuredmedia":[{"embeddable":true,"href":"https:\/\/www.saertex.com\/fr\/wp-json\/wp\/v2\/media\/18496"}],"wp:attachment":[{"href":"https:\/\/www.saertex.com\/fr\/wp-json\/wp\/v2\/media?parent=18503"}],"wp:term":[{"taxonomy":"category","embeddable":true,"href":"https:\/\/www.saertex.com\/fr\/wp-json\/wp\/v2\/categories?post=18503"},{"taxonomy":"post_tag","embeddable":true,"href":"https:\/\/www.saertex.com\/fr\/wp-json\/wp\/v2\/tags?post=18503"},{"taxonomy":"competences","embeddable":true,"href":"https:\/\/www.saertex.com\/fr\/wp-json\/wp\/v2\/competences?post=18503"},{"taxonomy":"brands","embeddable":true,"href":"https:\/\/www.saertex.com\/fr\/wp-json\/wp\/v2\/brands?post=18503"}],"curies":[{"name":"wp","href":"https:\/\/api.w.org\/{rel}","templated":true}]}}