{"id":18341,"date":"2023-08-23T11:58:09","date_gmt":"2023-08-23T09:58:09","guid":{"rendered":"https:\/\/www.saertex.com\/?p=18341"},"modified":"2025-09-26T11:57:15","modified_gmt":"2025-09-26T09:57:15","slug":"SAERfoam-for-wind","status":"publish","type":"post","link":"https:\/\/www.saertex.com\/fr\/professional-article\/SAERfoam-for-wind\/","title":{"rendered":"SAERfoam pour le vent"},"content":{"rendered":"<p>Alors que la demande en \u00e9nergies renouvelables augmente, la p\u00e9nurie de balsa menace le progr\u00e8s.<\/p>\n<p>Notre objectif est donc de remplacer ce mat\u00e9riau traditionnel par des mousses renforc\u00e9es par des fibres comme la n\u00f4tre. <span class=\"productname_firstx\">SAER<\/span><span class=\"productname_second\">foam<\/span> pour remplacer Wind.<\/p>\n<p>Dans le cadre du projet de recherche\u00a0<strong>OptiFoam<\/strong> nous \u00e9tudions donc le potentiel de ces mousses renforc\u00e9es par des fibres comme alternative \u00e0 l'utilisation de balsa et de mousses plastiques rigides comme le PVC et le PET comme mat\u00e9riau d'\u00e2me dans les pales de rotor.<\/p>\n<p>En collaboration avec le Fraunhofer Institut f\u00fcr Windenergiesysteme (IWES) et d'autres partenaires industriels, nous d\u00e9veloppons notre <span class=\"productname_firstx\">SAER<\/span><span class=\"productname_second\">foam<\/span> et l'adapte aux exigences sp\u00e9cifiques.<\/p>","protected":false},"excerpt":{"rendered":"<p>SAERfoam, une alternative durable au bois de balsa dans les pales de rotor - Alors que la demande en \u00e9nergies renouvelables augmente, la p\u00e9nurie de bois de balsa menace le progr\u00e8s. Notre objectif est donc de remplacer ce mat\u00e9riau traditionnel par des mousses renforc\u00e9es par des fibres, comme notre SAERfoam for Wind. Dans le cadre du projet de recherche OptiFoam, nous \u00e9tudions donc le potentiel de ces mousses renforc\u00e9es par des fibres comme alternative \u00e0 l'utilisation de balsa et de mousses rigides en plastique comme le PVC et le PET comme mat\u00e9riau d'\u00e2me dans les pales de rotor. En collaboration avec l'Institut Fraunhofer pour les syst\u00e8mes d'\u00e9nergie \u00e9olienne (IWES) et d'autres partenaires industriels, nous continuons \u00e0 d\u00e9velopper notre SAERfoam et \u00e0 l'adapter aux exigences sp\u00e9cifiques.<\/p>","protected":false},"author":3,"featured_media":18342,"comment_status":"open","ping_status":"open","sticky":false,"template":"","format":"standard","meta":{"_acf_changed":false,"content-type":"","footnotes":""},"categories":[414],"tags":[],"competences":[],"brands":[],"class_list":["post-18341","post","type-post","status-publish","format-standard","has-post-thumbnail","hentry","category-professional-article"],"acf":{"news_contact":"","news_video_youtube":"","project_subheadline":"SAERfoam als nachhaltige Alternative zu Balsaholz in Rotorbl\u00e4ttern","project_gallery":[{"field_62ebd9c88c8d4":"18342","field_62ecd2f4b92f5":""}],"project_gallery_height":450,"project_gallery_effect":"coverflow"},"_links":{"self":[{"href":"https:\/\/www.saertex.com\/fr\/wp-json\/wp\/v2\/posts\/18341","targetHints":{"allow":["GET"]}}],"collection":[{"href":"https:\/\/www.saertex.com\/fr\/wp-json\/wp\/v2\/posts"}],"about":[{"href":"https:\/\/www.saertex.com\/fr\/wp-json\/wp\/v2\/types\/post"}],"author":[{"embeddable":true,"href":"https:\/\/www.saertex.com\/fr\/wp-json\/wp\/v2\/users\/3"}],"replies":[{"embeddable":true,"href":"https:\/\/www.saertex.com\/fr\/wp-json\/wp\/v2\/comments?post=18341"}],"version-history":[{"count":0,"href":"https:\/\/www.saertex.com\/fr\/wp-json\/wp\/v2\/posts\/18341\/revisions"}],"wp:featuredmedia":[{"embeddable":true,"href":"https:\/\/www.saertex.com\/fr\/wp-json\/wp\/v2\/media\/18342"}],"wp:attachment":[{"href":"https:\/\/www.saertex.com\/fr\/wp-json\/wp\/v2\/media?parent=18341"}],"wp:term":[{"taxonomy":"category","embeddable":true,"href":"https:\/\/www.saertex.com\/fr\/wp-json\/wp\/v2\/categories?post=18341"},{"taxonomy":"post_tag","embeddable":true,"href":"https:\/\/www.saertex.com\/fr\/wp-json\/wp\/v2\/tags?post=18341"},{"taxonomy":"competences","embeddable":true,"href":"https:\/\/www.saertex.com\/fr\/wp-json\/wp\/v2\/competences?post=18341"},{"taxonomy":"brands","embeddable":true,"href":"https:\/\/www.saertex.com\/fr\/wp-json\/wp\/v2\/brands?post=18341"}],"curies":[{"name":"wp","href":"https:\/\/api.w.org\/{rel}","templated":true}]}}