{"id":18013,"date":"2024-03-04T07:43:32","date_gmt":"2024-03-04T06:43:32","guid":{"rendered":"https:\/\/www.saertex.com\/?p=18013"},"modified":"2025-11-26T15:35:49","modified_gmt":"2025-11-26T14:35:49","slug":"saertex-presente-le-nouveau-saercore-2","status":"publish","type":"post","link":"https:\/\/www.saertex.com\/fr\/news\/saertex-praesentiert-das-neue-saercore\/","title":{"rendered":"SAERTEX pr\u00e9sente le nouveau SAERcore"},"content":{"rendered":"<p>SAERTEX pr\u00e9sente son dernier produit : Avec le nouveau <span class=\"productname_firstx\">SAER<\/span><span class=\"productname_second\">core<\/span><sup>\u00ae<\/sup> l'entreprise pose un jalon en utilisant un noyau de 100% de mat\u00e9riaux recycl\u00e9s.<\/p>\n<p>SAERTEX pr\u00e9sentera ce nouveau produit lors du salon phare de l'industrie des composites, JEC WORLD 2024 \u00e0 Paris. L'optimisation centrale de <span class=\"productname_firstx\">SAER<\/span><span class=\"productname_second\">core<\/span> repr\u00e9sente une \u00e9tape innovante dans le d\u00e9veloppement de mat\u00e9riaux respectueux de l'environnement. L'utilisation exclusive de mat\u00e9riaux recycl\u00e9s dans le noyau permet non seulement de minimiser l'impact sur l'environnement, mais aussi de porter l'utilisation des ressources \u00e0 un niveau durable.<\/p>\n<p>Les avantages de <span class=\"productname_firstx\">SAER<\/span><span class=\"productname_second\">core<\/span> sont multiples et impressionnantes. Le mat\u00e9riau se caract\u00e9rise par une productivit\u00e9 accrue, obtenue gr\u00e2ce \u00e0 un \u00e9coulement plus rapide de la r\u00e9sine. Cela contribue \u00e0 une production plus efficace. En outre, le nouveau <span class=\"productname_firstx\">SAER<\/span><span class=\"productname_second\">core<\/span>qui est fabriqu\u00e9 par SAERTEX France \u00e0 Arandon, est beaucoup plus facile \u00e0 draper. Cette meilleure maniabilit\u00e9 offre un autre avantage de taille \u00e0 nos clients.<\/p>\n<p>Le d\u00e9veloppement de <span class=\"productname_firstx\">SAER<\/span><span class=\"productname_second\">core<\/span> est actuellement en phase finale et SAERTEX se r\u00e9jouit de pr\u00e9senter ce mat\u00e9riau innovant sur le march\u00e9. Avec ce nouveau produit, l'entreprise reste fid\u00e8le \u00e0 sa vision \"innover pour un avenir plus respectueux des ressources\".<\/p>","protected":false},"excerpt":{"rendered":"<p>Nachhaltige Composite-L\u00f6sung mit 100\u202f% recyceltem Kernmaterial \u2013 SAERTEX stellt sein neuestes Produkt vor: Mit dem neuen SAERcore\u00ae setzt das Unternehmen einen Meilenstein durch den Einsatz eines Kerns aus 100% recycelten Materialien. SAERTEX wird dieses neue Produkt auf der Leitmesse der Composites-Industrie, der JEC WORLD 2024 in Paris, vorstellen. Die Kernoptimierung von SAERcore stellt einen innovativen Schritt in der Entwicklung umweltfreundlicher Materialien dar. Durch die ausschlie\u00dfliche Verwendung von Recyclingmaterial im Kern wird nicht nur die Umweltbelastung minimiert, sondern auch der Ressourceneinsatz auf ein nachhaltiges Niveau gehoben. Die Vorteile von SAERcore sind vielf\u00e4ltig und beeindruckend. Das Material zeichnet sich durch eine erh\u00f6hte Produktivit\u00e4t aus, die durch einen schnelleren Harzfluss erreicht wird. Dies tr\u00e4gt zu einer effizienteren Produktion bei. Dar\u00fcber hinaus l\u00e4sst sich das neue SAERcore, das bei SAERTEX France in Arandon hergestellt wird, deutlich leichter drapieren. Dieses verbesserte Handling bietet unseren Kunden einen weiteren enormen Vorteil. Die Entwicklung von SAERcore befindet sich derzeit in der Endphase und SAERTEX freut sich darauf, dieses innovative Material auf dem Markt zu pr\u00e4sentieren. Mit diesem neuen Produkt bleibt das Unternehmen seiner Vision &#8222;Innovation f\u00fcr eine ressourcenschonende Zukunft&#8220; treu.<\/p>","protected":false},"author":14,"featured_media":21868,"comment_status":"open","ping_status":"open","sticky":false,"template":"","format":"standard","meta":{"_acf_changed":false,"content-type":"","footnotes":""},"categories":[401],"tags":[],"competences":[],"brands":[],"class_list":["post-18013","post","type-post","status-publish","format-standard","has-post-thumbnail","hentry","category-news"],"acf":{"news_contact":"","news_video_youtube":"","project_subheadline":"Nachhaltige Composite-L\u00f6sung mit 100\u202f% recyceltem Kernmaterial","project_gallery":[{"field_62ebd9c88c8d4":"17995","field_62ecd2f4b92f5":""}],"project_gallery_height":450,"project_gallery_effect":"coverflow"},"_links":{"self":[{"href":"https:\/\/www.saertex.com\/fr\/wp-json\/wp\/v2\/posts\/18013","targetHints":{"allow":["GET"]}}],"collection":[{"href":"https:\/\/www.saertex.com\/fr\/wp-json\/wp\/v2\/posts"}],"about":[{"href":"https:\/\/www.saertex.com\/fr\/wp-json\/wp\/v2\/types\/post"}],"author":[{"embeddable":true,"href":"https:\/\/www.saertex.com\/fr\/wp-json\/wp\/v2\/users\/14"}],"replies":[{"embeddable":true,"href":"https:\/\/www.saertex.com\/fr\/wp-json\/wp\/v2\/comments?post=18013"}],"version-history":[{"count":0,"href":"https:\/\/www.saertex.com\/fr\/wp-json\/wp\/v2\/posts\/18013\/revisions"}],"wp:featuredmedia":[{"embeddable":true,"href":"https:\/\/www.saertex.com\/fr\/wp-json\/wp\/v2\/media\/21868"}],"wp:attachment":[{"href":"https:\/\/www.saertex.com\/fr\/wp-json\/wp\/v2\/media?parent=18013"}],"wp:term":[{"taxonomy":"category","embeddable":true,"href":"https:\/\/www.saertex.com\/fr\/wp-json\/wp\/v2\/categories?post=18013"},{"taxonomy":"post_tag","embeddable":true,"href":"https:\/\/www.saertex.com\/fr\/wp-json\/wp\/v2\/tags?post=18013"},{"taxonomy":"competences","embeddable":true,"href":"https:\/\/www.saertex.com\/fr\/wp-json\/wp\/v2\/competences?post=18013"},{"taxonomy":"brands","embeddable":true,"href":"https:\/\/www.saertex.com\/fr\/wp-json\/wp\/v2\/brands?post=18013"}],"curies":[{"name":"wp","href":"https:\/\/api.w.org\/{rel}","templated":true}]}}