{"id":17999,"date":"2024-08-06T08:54:12","date_gmt":"2024-08-06T06:54:12","guid":{"rendered":"https:\/\/www.saertex.com\/?p=17999"},"modified":"2025-11-13T09:52:17","modified_gmt":"2025-11-13T08:52:17","slug":"ouverture-dun-nouvel-entrepot-au-bresil","status":"publish","type":"post","link":"https:\/\/www.saertex.com\/fr\/news\/eroeffnung-eines-neuen-lagers-in-brasilien\/","title":{"rendered":"Ouverture d'un nouvel entrep\u00f4t au Br\u00e9sil"},"content":{"rendered":"<p>SAERTEX a d\u00e9velopp\u00e9 une solution sur mesure pour ses clients et a install\u00e9 un nouvel entrep\u00f4t pr\u00e8s de Fortaleza, au Br\u00e9sil, en collaboration avec le prestataire de services logistiques SNZ Solu\u00e7\u00f5es.<\/p>\n<p>Cette \u00e9tape strat\u00e9gique vise \u00e0 optimiser la cha\u00eene d'approvisionnement en nappes de fibres de verre de haute qualit\u00e9 pour Aeris, un des principaux fabricants br\u00e9siliens de pales d'\u00e9oliennes. L'am\u00e9lioration de la flexibilit\u00e9 et de la rapidit\u00e9 des livraisons de mat\u00e9riaux permettra de r\u00e9pondre plus efficacement aux exigences croissantes de l'industrie \u00e9olienne.<\/p>\n<p>Depuis de nombreuses ann\u00e9es, SAERTEX fournit \u00e0 l'industrie \u00e9olienne des mat\u00e9riaux composites innovants \u00e0 base de fibres, utilis\u00e9s pour des pales de plus en plus longues et des \u00e9oliennes de plus en plus grandes. Nos tissus multiaxiaux, \u00e9galement connus sous le nom de Non-Crimp-Fabrics, renforcent les entretoises, les longerons et les coques des pales de rotor, contribuant ainsi \u00e0 l'efficacit\u00e9 et \u00e0 la long\u00e9vit\u00e9 de ces composants essentiels.<\/p>\n<p>Afin d'optimiser la cha\u00eene d'approvisionnement et de garantir une livraison plus rapide et plus flexible des mat\u00e9riaux au Br\u00e9sil, SAERTEX a maintenant construit le nouvel entrep\u00f4t. \"En raison de l'\u00e9loignement g\u00e9ographique de notre site de production SAERTEX au Br\u00e9sil, le nouvel entrep\u00f4t repr\u00e9sente une grande am\u00e9lioration pour nous et nos partenaires. Il nous permet de r\u00e9duire consid\u00e9rablement les d\u00e9lais de livraison et d'augmenter consid\u00e9rablement notre efficacit\u00e9\", explique Rocco Belforte, directeur g\u00e9n\u00e9ral de SAERTEX Br\u00e9sil.<\/p>\n<p>Nous sommes impatients de relever ensemble les d\u00e9fis de l'industrie \u00e9olienne et de continuer \u00e0 proposer des solutions innovantes et durables pour la construction l\u00e9g\u00e8re.<\/p>","protected":false},"excerpt":{"rendered":"<p>St\u00e4rkere Lieferketten f\u00fcr eine nachhaltige Energiezukunft \u2013 SAERTEX hat eine ma\u00dfgeschneiderte L\u00f6sung f\u00fcr seine Kunden entwickelt und ein neues Lager in der N\u00e4he von Fortaleza, Brasilien, in Zusammenarbeit mit dem Logistikdienstleister SNZ Solu\u00e7\u00f5es eingerichtet. Dieser strategische Schritt zielt darauf ab, die Lieferkette von hochwertigen Glasfasergelegen f\u00fcr Aeris, einen f\u00fchrenden brasilianischen Hersteller von Rotorbl\u00e4ttern f\u00fcr Windkraftanlagen, zu optimieren. Die verbesserte Flexibilit\u00e4t und Schnelligkeit der Materiallieferungen wird es erm\u00f6glichen, die steigenden Anforderungen der Windindustrie effizienter zu erf\u00fcllen. Seit vielen Jahren beliefert SAERTEX die Windindustrie mit innovativen Faserverbundwerkstoffen, die f\u00fcr immer l\u00e4ngere Rotorbl\u00e4tter und gr\u00f6\u00dfere Windkraftanlagen eingesetzt werden. Unsere multiaxialen Gelege, auch bekannt als Non-Crimp-Fabrics, verst\u00e4rken die Stege, Holme und Schalen von Rotorbl\u00e4ttern und tragen so zur Effizienz und Langlebigkeit dieser wichtigen Komponenten bei. Um die Lieferkette zu optimieren und eine schnellere und flexiblere Materiallieferung in Brasilien zu gew\u00e4hrleisten, hat SAERTEX nun das neue Lager errichtet. &#8222;Aufgrund der geografischen Entfernung unserer SAERTEX-Produktionsst\u00e4tte in Brasilien ist das neue Lager eine gro\u00dfe Verbesserung f\u00fcr uns und unsere Partner. Wir k\u00f6nnen die Lieferzeiten deutlich verk\u00fcrzen und unsere Effizienz erheblich steigern&#8220;, so Rocco Belforte, Managing Director SAERTEX Brasilien. Wir freuen uns darauf, uns gemeinsam den Herausforderungen der Windindustrie zu stellen und weiterhin innovative und nachhaltige L\u00f6sungen f\u00fcr den Leichtbau anzubieten.<\/p>","protected":false},"author":14,"featured_media":18001,"comment_status":"open","ping_status":"open","sticky":false,"template":"","format":"standard","meta":{"_acf_changed":false,"content-type":"","footnotes":""},"categories":[401],"tags":[],"competences":[],"brands":[],"class_list":["post-17999","post","type-post","status-publish","format-standard","has-post-thumbnail","hentry","category-news"],"acf":{"news_contact":"","news_video_youtube":"","project_subheadline":"St\u00e4rkere Lieferketten f\u00fcr eine nachhaltige Energiezukunft","project_gallery":[{"field_62ebd9c88c8d4":"18001","field_62ecd2f4b92f5":""},{"field_62ebd9c88c8d4":"18000","field_62ecd2f4b92f5":""},{"field_62ebd9c88c8d4":"18002","field_62ecd2f4b92f5":""}],"project_gallery_height":450,"project_gallery_effect":"coverflow"},"_links":{"self":[{"href":"https:\/\/www.saertex.com\/fr\/wp-json\/wp\/v2\/posts\/17999","targetHints":{"allow":["GET"]}}],"collection":[{"href":"https:\/\/www.saertex.com\/fr\/wp-json\/wp\/v2\/posts"}],"about":[{"href":"https:\/\/www.saertex.com\/fr\/wp-json\/wp\/v2\/types\/post"}],"author":[{"embeddable":true,"href":"https:\/\/www.saertex.com\/fr\/wp-json\/wp\/v2\/users\/14"}],"replies":[{"embeddable":true,"href":"https:\/\/www.saertex.com\/fr\/wp-json\/wp\/v2\/comments?post=17999"}],"version-history":[{"count":0,"href":"https:\/\/www.saertex.com\/fr\/wp-json\/wp\/v2\/posts\/17999\/revisions"}],"wp:featuredmedia":[{"embeddable":true,"href":"https:\/\/www.saertex.com\/fr\/wp-json\/wp\/v2\/media\/18001"}],"wp:attachment":[{"href":"https:\/\/www.saertex.com\/fr\/wp-json\/wp\/v2\/media?parent=17999"}],"wp:term":[{"taxonomy":"category","embeddable":true,"href":"https:\/\/www.saertex.com\/fr\/wp-json\/wp\/v2\/categories?post=17999"},{"taxonomy":"post_tag","embeddable":true,"href":"https:\/\/www.saertex.com\/fr\/wp-json\/wp\/v2\/tags?post=17999"},{"taxonomy":"competences","embeddable":true,"href":"https:\/\/www.saertex.com\/fr\/wp-json\/wp\/v2\/competences?post=17999"},{"taxonomy":"brands","embeddable":true,"href":"https:\/\/www.saertex.com\/fr\/wp-json\/wp\/v2\/brands?post=17999"}],"curies":[{"name":"wp","href":"https:\/\/api.w.org\/{rel}","templated":true}]}}