{"id":17836,"date":"2024-09-25T06:45:03","date_gmt":"2024-09-25T04:45:03","guid":{"rendered":"https:\/\/www.saertex.com\/?p=17836"},"modified":"2025-11-26T11:20:34","modified_gmt":"2025-11-26T10:20:34","slug":"uner-chemicals-nouveau-partenaire","status":"publish","type":"post","link":"https:\/\/www.saertex.com\/fr\/news\/uner-chemicals-als-neuer-partner\/","title":{"rendered":"Usner Chemicals, nouveau partenaire"},"content":{"rendered":"<p>Nous sommes heureux d'annoncer que SAERTEX a gagn\u00e9 un nouveau partenaire de distribution pour le march\u00e9 autrichien avec les entreprises USNER Chemicals. Ce partenariat nous permet de renforcer notre pr\u00e9sence en Autriche et d'offrir \u00e0 nos clients locaux un service encore meilleur et un acc\u00e8s direct \u00e0 nos mat\u00e9riaux composites renforc\u00e9s de fibres de haute qualit\u00e9.<\/p>\n<p>USNER Chemicals distribuera d\u00e9sormais en Autriche nos tissus non-tiss\u00e9s multiaxiaux en fibres de verre, de carbone et naturelles ainsi que nos solutions de construction l\u00e9g\u00e8re sur mesure. Gr\u00e2ce \u00e0 leur expertise et surtout \u00e0 leur pr\u00e9sence sur le march\u00e9 depuis des d\u00e9cennies, fond\u00e9e en 1949 \u00e0 Hallein pr\u00e8s de Salzbourg, nous pourrons ainsi continuer \u00e0 offrir \u00e0 nos clients autrichiens non seulement des produits innovants, mais aussi des conseils en mati\u00e8re d'application et un support de premier ordre.<\/p>\n<p>Nous nous r\u00e9jouissons d'une collaboration fructueuse et de continuer \u00e0 offrir \u00e0 nos clients autrichiens les meilleures solutions pour leurs besoins en mati\u00e8re de construction l\u00e9g\u00e8re.<\/p>","protected":false},"excerpt":{"rendered":"<p>SAERTEX\u00ae \u00e9tend son r\u00e9seau de distribution en Autriche - Nous sommes heureux d'annoncer que SAERTEX a gagn\u00e9 un nouveau partenaire de distribution pour le march\u00e9 autrichien avec les entreprises USNER Chemicals. Ce partenariat nous permet de renforcer notre pr\u00e9sence en Autriche et d'offrir \u00e0 nos clients locaux un service encore meilleur et un acc\u00e8s direct \u00e0 nos mat\u00e9riaux composites renforc\u00e9s de fibres de haute qualit\u00e9. USNER Chemicals distribuera d\u00e8s \u00e0 pr\u00e9sent nos tissus non-tiss\u00e9s multiaxiaux en fibres de verre, de carbone et naturelles ainsi que nos solutions de construction l\u00e9g\u00e8re sur mesure en Autriche. Gr\u00e2ce \u00e0 leur expertise et surtout \u00e0 leur pr\u00e9sence sur le march\u00e9 depuis des d\u00e9cennies, fond\u00e9e en 1949 \u00e0 Hallein pr\u00e8s de Salzbourg, nous pouvons ainsi continuer \u00e0 offrir \u00e0 nos clients autrichiens non seulement des produits innovants, mais aussi des conseils en mati\u00e8re d'application technique et un support de premier ordre. Nous nous r\u00e9jouissons d'une collaboration fructueuse et de pouvoir continuer \u00e0 offrir \u00e0 nos clients autrichiens les meilleures solutions pour leurs exigences en mati\u00e8re de construction l\u00e9g\u00e8re.<\/p>","protected":false},"author":14,"featured_media":32804,"comment_status":"open","ping_status":"open","sticky":false,"template":"","format":"standard","meta":{"_acf_changed":false,"content-type":"","footnotes":""},"categories":[401],"tags":[],"competences":[],"brands":[],"class_list":["post-17836","post","type-post","status-publish","format-standard","has-post-thumbnail","hentry","category-news"],"acf":{"news_contact":"","news_video_youtube":"","project_subheadline":"SAERTEX\u00ae erweitert Vertriebsnetz in \u00d6sterreich","project_gallery":[{"field_62ebd9c88c8d4":"17842","field_62ecd2f4b92f5":""}],"project_gallery_height":165,"project_gallery_effect":"fade"},"_links":{"self":[{"href":"https:\/\/www.saertex.com\/fr\/wp-json\/wp\/v2\/posts\/17836","targetHints":{"allow":["GET"]}}],"collection":[{"href":"https:\/\/www.saertex.com\/fr\/wp-json\/wp\/v2\/posts"}],"about":[{"href":"https:\/\/www.saertex.com\/fr\/wp-json\/wp\/v2\/types\/post"}],"author":[{"embeddable":true,"href":"https:\/\/www.saertex.com\/fr\/wp-json\/wp\/v2\/users\/14"}],"replies":[{"embeddable":true,"href":"https:\/\/www.saertex.com\/fr\/wp-json\/wp\/v2\/comments?post=17836"}],"version-history":[{"count":0,"href":"https:\/\/www.saertex.com\/fr\/wp-json\/wp\/v2\/posts\/17836\/revisions"}],"wp:featuredmedia":[{"embeddable":true,"href":"https:\/\/www.saertex.com\/fr\/wp-json\/wp\/v2\/media\/32804"}],"wp:attachment":[{"href":"https:\/\/www.saertex.com\/fr\/wp-json\/wp\/v2\/media?parent=17836"}],"wp:term":[{"taxonomy":"category","embeddable":true,"href":"https:\/\/www.saertex.com\/fr\/wp-json\/wp\/v2\/categories?post=17836"},{"taxonomy":"post_tag","embeddable":true,"href":"https:\/\/www.saertex.com\/fr\/wp-json\/wp\/v2\/tags?post=17836"},{"taxonomy":"competences","embeddable":true,"href":"https:\/\/www.saertex.com\/fr\/wp-json\/wp\/v2\/competences?post=17836"},{"taxonomy":"brands","embeddable":true,"href":"https:\/\/www.saertex.com\/fr\/wp-json\/wp\/v2\/brands?post=17836"}],"curies":[{"name":"wp","href":"https:\/\/api.w.org\/{rel}","templated":true}]}}