{"id":17183,"date":"2025-02-05T10:48:54","date_gmt":"2025-02-05T09:48:54","guid":{"rendered":"https:\/\/www.saertex.com\/?p=17183"},"modified":"2025-11-13T09:40:16","modified_gmt":"2025-11-13T08:40:16","slug":"production-de-tissus-en-carbone","status":"publish","type":"post","link":"https:\/\/www.saertex.com\/fr\/news\/carbongelege-produktion\/","title":{"rendered":"Production de tissus en carbone"},"content":{"rendered":"<p>Nous optimisons nos structures de production et concentrons la production allemande de textures de carbone \u00e0 notre si\u00e8ge social de Saerbeck. Cela nous permet de r\u00e9pondre de mani\u00e8re encore plus flexible aux souhaits des clients et de garantir les normes de qualit\u00e9 les plus \u00e9lev\u00e9es.<\/p>\n<p>En ciblant pr\u00e9cis\u00e9ment nos ressources, nous utilisons nos capacit\u00e9s de production de mani\u00e8re cibl\u00e9e afin de r\u00e9pondre encore mieux aux exigences des secteurs les plus divers, de l'a\u00e9rospatiale aux applications industrielles en passant par la construction automobile et navale.<\/p>\n<p>Nous restons ainsi votre partenaire fiable pour des NCF en carbone performants - aujourd'hui et \u00e0 l'avenir, avec des solutions sur mesure pour les applications les plus exigeantes.<\/p>","protected":false},"excerpt":{"rendered":"<p>SAERTEX\u00ae b\u00fcndelt Carbongelage-Produktion f\u00fcr mehr Flexibilit\u00e4t und h\u00f6chste Qualit\u00e4t \u2013 Wir optimieren unsere Produktionsstrukturen und konzentrieren die deutsche Carbongelege-Produktion an unserem Hauptsitz in Saerbeck. Dadurch k\u00f6nnen wir noch flexibler auf Kundenw\u00fcnsche eingehen und h\u00f6chste Qualit\u00e4tsstandards gew\u00e4hrleisten. Durch die pr\u00e4zise Fokussierung unserer Ressourcen setzen wir unsere Produktionskapazit\u00e4ten gezielt ein, um den Anforderungen unterschiedlichster Branchen &#8211; von der Luft- und Raumfahrt \u00fcber den Automobil- und Bootsbau bis hin zu industriellen Anwendungen &#8211; noch besser zu erf\u00fcllen. So bleiben wir Ihr zuverl\u00e4ssiger Partner f\u00fcr\u00a0leistungsstarke Carbon NCF &#8211; heute und in Zukunft, mit ma\u00dfgeschneiderten L\u00f6sungen f\u00fcr anspruchsvollste Anwendungen.<\/p>","protected":false},"author":14,"featured_media":32800,"comment_status":"open","ping_status":"open","sticky":false,"template":"","format":"standard","meta":{"_acf_changed":false,"content-type":"","footnotes":""},"categories":[401],"tags":[],"competences":[],"brands":[],"class_list":["post-17183","post","type-post","status-publish","format-standard","has-post-thumbnail","hentry","category-news"],"acf":{"news_contact":"","news_video_youtube":"","project_subheadline":"SAERTEX\u00ae b\u00fcndelt Carbongelage-Produktion f\u00fcr mehr Flexibilit\u00e4t und h\u00f6chste Qualit\u00e4t","project_gallery":false,"project_gallery_height":450,"project_gallery_effect":"coverflow"},"_links":{"self":[{"href":"https:\/\/www.saertex.com\/fr\/wp-json\/wp\/v2\/posts\/17183","targetHints":{"allow":["GET"]}}],"collection":[{"href":"https:\/\/www.saertex.com\/fr\/wp-json\/wp\/v2\/posts"}],"about":[{"href":"https:\/\/www.saertex.com\/fr\/wp-json\/wp\/v2\/types\/post"}],"author":[{"embeddable":true,"href":"https:\/\/www.saertex.com\/fr\/wp-json\/wp\/v2\/users\/14"}],"replies":[{"embeddable":true,"href":"https:\/\/www.saertex.com\/fr\/wp-json\/wp\/v2\/comments?post=17183"}],"version-history":[{"count":0,"href":"https:\/\/www.saertex.com\/fr\/wp-json\/wp\/v2\/posts\/17183\/revisions"}],"wp:featuredmedia":[{"embeddable":true,"href":"https:\/\/www.saertex.com\/fr\/wp-json\/wp\/v2\/media\/32800"}],"wp:attachment":[{"href":"https:\/\/www.saertex.com\/fr\/wp-json\/wp\/v2\/media?parent=17183"}],"wp:term":[{"taxonomy":"category","embeddable":true,"href":"https:\/\/www.saertex.com\/fr\/wp-json\/wp\/v2\/categories?post=17183"},{"taxonomy":"post_tag","embeddable":true,"href":"https:\/\/www.saertex.com\/fr\/wp-json\/wp\/v2\/tags?post=17183"},{"taxonomy":"competences","embeddable":true,"href":"https:\/\/www.saertex.com\/fr\/wp-json\/wp\/v2\/competences?post=17183"},{"taxonomy":"brands","embeddable":true,"href":"https:\/\/www.saertex.com\/fr\/wp-json\/wp\/v2\/brands?post=17183"}],"curies":[{"name":"wp","href":"https:\/\/api.w.org\/{rel}","templated":true}]}}