{"id":17167,"date":"2025-02-12T09:16:17","date_gmt":"2025-02-12T08:16:17","guid":{"rendered":"https:\/\/www.saertex.com\/?p=17167"},"modified":"2025-11-13T09:37:51","modified_gmt":"2025-11-13T08:37:51","slug":"jec-monde-2025","status":"publish","type":"post","link":"https:\/\/www.saertex.com\/fr\/news\/jec-world-2025\/","title":{"rendered":"JEC WORLD 2025"},"content":{"rendered":"<p>Du 4 au 6 mars 2025, nous serons \u00e0 nouveau pr\u00e9sents au JEC World, le premier salon mondial des mat\u00e9riaux composites. Venez nous rendre visite sur notre stand (<strong>Hall 5, stand H02<\/strong>) et d\u00e9couvrez nos derni\u00e8res innovations en mati\u00e8re de construction l\u00e9g\u00e8re.<\/p>\n<h3><strong>Nos pr\u00e9sentations \u00e0 JEC World<\/strong><\/h3>\n<p>Profitez de l'occasion pour vous informer sur les derniers d\u00e9veloppements dans le domaine des mat\u00e9riaux composites. Venez assister \u00e0 nos conf\u00e9rences dans l'Agora 6 :<\/p>\n<ul>\n<li><strong>Mercredi, 10h30<\/strong> | Sustainable, Fire-Retardant Solutions for Rail &amp; Land Transport - avec Scott Bader<br \/>\nD\u00e9couvrez comment les mat\u00e9riaux composites durables et ignifuges offrent des solutions innovantes pour le transport ferroviaire et terrestre.<\/li>\n<li><strong>Jeudi, 14h00<\/strong> | Setting Sail Towards Sustainability : Composites in the Marine Industry (D\u00e9finir la navigation vers la durabilit\u00e9 : les composites dans l'industrie marine)<br \/>\nD\u00e9couvrez comment les composites durables sont utilis\u00e9s dans l'industrie maritime et comment ils contribuent \u00e0 r\u00e9duire les \u00e9missions et la consommation de ressources.<\/li>\n<\/ul>\n<p><strong><br \/>\nR\u00e9servez votre entr\u00e9e gratuite au salon !<\/strong><br \/>\nInscrivez-vous d\u00e8s maintenant pour obtenir notre code gratuit et venez nous rendre visite \u00e0 JEC World 2025. Nous nous r\u00e9jouissons de vous rencontrer \u00e0 Paris et d'engager la conversation avec vous !<br \/>\n<strong>\/\/<\/strong>\u00a0<a href=\"https:\/\/academy.saertex.com\/en\/jec-world\" target=\"_blank\" rel=\"noopener\">Inscription JEC World Free Entry<\/a><\/p>","protected":false},"excerpt":{"rendered":"<p>SAERTEX AUF DER JEC WORLD 2025 \u2013 Vom 4. bis 6. M\u00e4rz 2025 sind wir erneut auf der JEC World, der weltweit f\u00fchrenden Fachmesse f\u00fcr Verbundwerkstoffe, vertreten. Besuchen Sie uns an unserem Stand (Halle 5, Stand H02) und entdecken Sie unsere neuesten Innovationen im Bereich Leichtbau. Unsere Vortr\u00e4ge auf der JEC World Nutzen Sie die Gelegenheit, sich \u00fcber die neuesten Entwicklungen im Bereich der Verbundwerkstoffe zu informieren. Besuchen Sie unsere Vortr\u00e4ge in der Agora 6: Mittwoch, 10:30 Uhr | Sustainable, Fire-Retardant Solutions for Rail &amp; Land Transport \u2013 mit Scott Bader Erfahren Sie, wie nachhaltige und feuerhemmende Verbundwerkstoffe innovative L\u00f6sungen f\u00fcr den Schienen- und Landverkehr bieten. Donnerstag, 14:00 Uhr | Setting Sail Towards Sustainability: Composites in the Marine Industry Erhalten Sie Einblicke, wie nachhaltige Composites in der Schifffahrtsindustrie eingesetzt werden und einen Beitrag zur Reduzierung von Emissionen und Ressourcenverbrauch leisten. Sichern Sie sich Ihren kostenfreien Messezutritt! Registrieren Sie sich jetzt f\u00fcr unseren Freicode und besuchen Sie uns auf der JEC World 2025. Wir freuen uns darauf, Sie in Paris zu treffen und mit Ihnen ins Gespr\u00e4ch zu kommen! \/\/\u00a0Registration JEC World Free Entry<\/p>","protected":false},"author":14,"featured_media":29434,"comment_status":"open","ping_status":"open","sticky":false,"template":"","format":"standard","meta":{"_acf_changed":false,"content-type":"","footnotes":""},"categories":[401],"tags":[],"competences":[],"brands":[],"class_list":["post-17167","post","type-post","status-publish","format-standard","has-post-thumbnail","hentry","category-news"],"acf":{"news_contact":"","news_video_youtube":"","project_subheadline":"SAERTEX AUF DER JEC WORLD 2025","project_gallery":[{"field_62ebd9c88c8d4":"","field_62ecd2f4b92f5":""}],"project_gallery_height":450,"project_gallery_effect":"coverflow"},"_links":{"self":[{"href":"https:\/\/www.saertex.com\/fr\/wp-json\/wp\/v2\/posts\/17167","targetHints":{"allow":["GET"]}}],"collection":[{"href":"https:\/\/www.saertex.com\/fr\/wp-json\/wp\/v2\/posts"}],"about":[{"href":"https:\/\/www.saertex.com\/fr\/wp-json\/wp\/v2\/types\/post"}],"author":[{"embeddable":true,"href":"https:\/\/www.saertex.com\/fr\/wp-json\/wp\/v2\/users\/14"}],"replies":[{"embeddable":true,"href":"https:\/\/www.saertex.com\/fr\/wp-json\/wp\/v2\/comments?post=17167"}],"version-history":[{"count":0,"href":"https:\/\/www.saertex.com\/fr\/wp-json\/wp\/v2\/posts\/17167\/revisions"}],"wp:featuredmedia":[{"embeddable":true,"href":"https:\/\/www.saertex.com\/fr\/wp-json\/wp\/v2\/media\/29434"}],"wp:attachment":[{"href":"https:\/\/www.saertex.com\/fr\/wp-json\/wp\/v2\/media?parent=17167"}],"wp:term":[{"taxonomy":"category","embeddable":true,"href":"https:\/\/www.saertex.com\/fr\/wp-json\/wp\/v2\/categories?post=17167"},{"taxonomy":"post_tag","embeddable":true,"href":"https:\/\/www.saertex.com\/fr\/wp-json\/wp\/v2\/tags?post=17167"},{"taxonomy":"competences","embeddable":true,"href":"https:\/\/www.saertex.com\/fr\/wp-json\/wp\/v2\/competences?post=17167"},{"taxonomy":"brands","embeddable":true,"href":"https:\/\/www.saertex.com\/fr\/wp-json\/wp\/v2\/brands?post=17167"}],"curies":[{"name":"wp","href":"https:\/\/api.w.org\/{rel}","templated":true}]}}